{"id":111,"date":"2015-09-11T06:25:00","date_gmt":"2015-09-11T04:25:00","guid":{"rendered":"\/blog\/2015\/09\/odpowiedni-dobor-sprzetu-agd-do-kuchni\/"},"modified":"2025-02-14T19:06:52","modified_gmt":"2025-02-14T18:06:52","slug":"odpowiedni-dobor-sprzetu-agd-do-kuchni","status":"publish","type":"post","link":"https:\/\/czesciagd.pl\/blog\/bez-kategorii\/odpowiedni-dobor-sprzetu-agd-do-kuchni\/","title":{"rendered":"Odpowiedni dob\u00f3r sprz\u0119tu AGD do kuchni"},"content":{"rendered":"<div><\/div>\n<div><img loading=\"lazy\" decoding=\"async\" class=\"alignleft wp-image-447\" src=\"\/blog\/wp-content\/uploads\/2015\/10\/1554-e1474197401805.jpg\" alt=\"1554\" width=\"200\" height=\"86\" \/>Je\u017celi chcemy, aby nasza kuchnia wygl\u0105da\u0142a estetycznie, a przy tym by\u0142a funkcjonalna istotne jest to jaki sprz\u0119t AGD wybierzemy do wyposa\u017cenia tego pomieszczenia. Dobrze je\u017celi taka lod\u00f3wka zamra\u017carka, czy pralka dostosowana r\u00f3wnie\u017c do mebli, kolorystyki \u015bcian i og\u00f3lnego wystroju. Przyjrzyjmy si\u0119 bli\u017cej specyfice takich sprz\u0119t\u00f3w\u2026<\/div>\n<p><!--more--><\/p>\n<div>Mo\u017cemy wyr\u00f3\u017cni\u0107 dwa typy sprz\u0119t\u00f3w agd:<\/div>\n<div><\/div>\n<ul type=\"disc\">\n<li>Wolnostoj\u0105ce<\/li>\n<li>Do zabudowy<\/li>\n<\/ul>\n<div><\/div>\n<div>W przypadku AGD wolnostoj\u0105cego do zalet b\u0119d\u0105 nale\u017ce\u0107:<\/div>\n<div><\/div>\n<div>&#8211; swoboda przy rozmieszczeniu wszystkich urz\u0105dze\u0144<\/div>\n<div>&#8211; mo\u017cliwo\u015b\u0107 dopasowania nowych mebli poprzez odpowiednie rozmieszczenie wszystkich sprz\u0119t\u00f3w<\/div>\n<div>&#8211; podczas awarii \u0142atwiej do niej dotrze\u0107 i usun\u0105\u0107 j\u0105<\/div>\n<div>&#8211; du\u017ca mo\u017cliwo\u015b\u0107 wyboru poszczeg\u00f3lnych modeli<\/div>\n<div>&#8211; ni\u017csza cena<\/div>\n<div><\/div>\n<div>Nie oznacza to jednak, \u017ce wolnostoj\u0105ce modele AGD s\u0105 bez wad, cho\u0107 tak naprawd\u0119 jedyn\u0105 istotn\u0105 jest tu fakt, \u017ce skoro s\u0105 widoczne, nie zawsze b\u0119d\u0105 si\u0119 komponowa\u0107 z pozosta\u0142ym umeblowaniem i niekiedy po prostu musimy na to przymkn\u0105\u0107 oko.<\/div>\n<div><\/div>\n<div>Inaczej jest je\u015bli chodzi o AGD do zabudowy &#8211; za takim rozwi\u0105zaniem przemawiaj\u0105 nast\u0119puj\u0105ce argumenty:<\/div>\n<div><\/div>\n<div>&#8211; ukrycie takich mebli i odpowiednie wkomponowanie wp\u0142ywa na estetyk\u0119<\/div>\n<div>&#8211; zabudowane urz\u0105dzenia s\u0105 trudniej dost\u0119pne dla dzieci, co wp\u0142ywa na bezpiecze\u0144stwo, tym bardziej, \u017ce s\u0105 stabilne<\/div>\n<div>&#8211; prostota w utrzymywaniu czysto\u015bci<\/div>\n<div>&#8211; urz\u0105dzenie mo\u017cemy zamontowa\u0107 dla najwygodniejszej dla nas wysoko\u015bci<\/div>\n<div><\/div>\n<div>Niestety nale\u017cy liczy\u0107 si\u0119 r\u00f3wnie\u017c z pewnymi wadami:<\/div>\n<div><\/div>\n<div>&#8211; sprz\u0119t taki jest dro\u017cszy<\/div>\n<div>&#8211; istnieje niewielki wyb\u00f3r takich mebli<\/div>\n<div>&#8211; pojemno\u015b\u0107 takiego AGD jest ograniczona<\/div>\n<div><\/div>\n<div>Zar\u00f3wno AGD wolnostoj\u0105ce, jak i to do zabudowy znajdziecie w naszym sklepie euro RTV AGD <a href=\"http:\/\/czesciagd.pl\"><strong>czesciagd.pl<\/strong><\/a>. Mo\u017cemy zaoferowa\u0107 jednak o wiele bogatszy wyb\u00f3r urz\u0105dze\u0144 i akcesori\u00f3w, w tym <a href=\"http:\/\/czesciagd.pl\/czesci-zamienne-ardo-c-4380.html\" target=\"_blank\"><strong>cz\u0119\u015bci zamienne Ardo<\/strong><\/a>, jak r\u00f3wnie\u017c <strong><a href=\"http:\/\/czesciagd.pl\/czesci-akcesoria-golarek-c-5843.html#.VfJXehHtmko\" target=\"_blank\">cz\u0119\u015bci zamienne AEG<\/a><\/strong>. Je\u017celi interesuj\u0105 Was <strong><a href=\"http:\/\/czesciagd.pl\/czesci-zamienne-zmywarek-rozni-producenci-c-3356.html\" target=\"_blank\">cz\u0119\u015bci zamienne do zmywarek<\/a><\/strong> to r\u00f3wnie\u017c b\u0119dziecie zadowoleni z przygotowanej oferty.<\/div>\n<div><\/div>\n<p>&nbsp;<\/p>\n<div>Zach\u0119camy tak\u017ce do kupowania ca\u0142ych komplet\u00f3w sprz\u0119tu AGD, dzi\u0119ki czemu zachowana zostanie odpowiednia stylistyka, a meble b\u0119d\u0105 do siebie znakomicie pasowa\u0107. Warto tak\u017ce pomy\u015ble\u0107 o dobraniu pasuj\u0105cego do wystroju tak zwanego drobnego sprz\u0119tu AGD, jak cho\u0107by czajnika, ekspresu do kawy czy robota kuchennego.<\/div>\n\n\n<div class=\"kk-star-ratings kksr-auto kksr-align-left kksr-valign-bottom\"\n    data-payload='{&quot;align&quot;:&quot;left&quot;,&quot;id&quot;:&quot;111&quot;,&quot;slug&quot;:&quot;default&quot;,&quot;valign&quot;:&quot;bottom&quot;,&quot;ignore&quot;:&quot;&quot;,&quot;reference&quot;:&quot;auto&quot;,&quot;class&quot;:&quot;&quot;,&quot;count&quot;:&quot;0&quot;,&quot;legendonly&quot;:&quot;&quot;,&quot;readonly&quot;:&quot;&quot;,&quot;score&quot;:&quot;0&quot;,&quot;starsonly&quot;:&quot;&quot;,&quot;best&quot;:&quot;6&quot;,&quot;gap&quot;:&quot;5&quot;,&quot;greet&quot;:&quot;Rate this post&quot;,&quot;legend&quot;:&quot;0\\\/6 - (0 votes)&quot;,&quot;size&quot;:&quot;24&quot;,&quot;width&quot;:&quot;0&quot;,&quot;_legend&quot;:&quot;{score}\\\/{best} - ({count} {votes})&quot;,&quot;font_factor&quot;:&quot;1.25&quot;}'>\n            \n<div class=\"kksr-stars\">\n    \n<div class=\"kksr-stars-inactive\">\n            <div class=\"kksr-star\" data-star=\"1\" style=\"padding-right: 5px\">\n            \n\n<div class=\"kksr-icon\" style=\"width: 24px; height: 24px;\"><\/div>\n        <\/div>\n            <div class=\"kksr-star\" data-star=\"2\" style=\"padding-right: 5px\">\n            \n\n<div class=\"kksr-icon\" style=\"width: 24px; height: 24px;\"><\/div>\n        <\/div>\n            <div class=\"kksr-star\" data-star=\"3\" style=\"padding-right: 5px\">\n            \n\n<div class=\"kksr-icon\" style=\"width: 24px; height: 24px;\"><\/div>\n        <\/div>\n            <div class=\"kksr-star\" data-star=\"4\" style=\"padding-right: 5px\">\n            \n\n<div class=\"kksr-icon\" style=\"width: 24px; height: 24px;\"><\/div>\n        <\/div>\n            <div class=\"kksr-star\" data-star=\"5\" style=\"padding-right: 5px\">\n            \n\n<div class=\"kksr-icon\" style=\"width: 24px; height: 24px;\"><\/div>\n        <\/div>\n            <div class=\"kksr-star\" data-star=\"6\" style=\"padding-right: 5px\">\n            \n\n<div class=\"kksr-icon\" style=\"width: 24px; height: 24px;\"><\/div>\n        <\/div>\n    <\/div>\n    \n<div class=\"kksr-stars-active\" style=\"width: 0px;\">\n            <div class=\"kksr-star\" style=\"padding-right: 5px\">\n            \n\n<div class=\"kksr-icon\" style=\"width: 24px; height: 24px;\"><\/div>\n        <\/div>\n            <div class=\"kksr-star\" style=\"padding-right: 5px\">\n            \n\n<div class=\"kksr-icon\" style=\"width: 24px; height: 24px;\"><\/div>\n        <\/div>\n            <div class=\"kksr-star\" style=\"padding-right: 5px\">\n            \n\n<div class=\"kksr-icon\" style=\"width: 24px; height: 24px;\"><\/div>\n        <\/div>\n            <div class=\"kksr-star\" style=\"padding-right: 5px\">\n            \n\n<div class=\"kksr-icon\" style=\"width: 24px; height: 24px;\"><\/div>\n        <\/div>\n            <div class=\"kksr-star\" style=\"padding-right: 5px\">\n            \n\n<div class=\"kksr-icon\" style=\"width: 24px; height: 24px;\"><\/div>\n        <\/div>\n            <div class=\"kksr-star\" style=\"padding-right: 5px\">\n            \n\n<div class=\"kksr-icon\" style=\"width: 24px; height: 24px;\"><\/div>\n        <\/div>\n    <\/div>\n<\/div>\n                \n\n<div class=\"kksr-legend\" style=\"font-size: 19.2px;\">\n            <span class=\"kksr-muted\">Rate this post<\/span>\n    <\/div>\n    <\/div>\n","protected":false},"excerpt":{"rendered":"<p>Aby kuchnia by\u0142a estetyczna i funkcjonalna, wa\u017cne jest odpowiednie AGD. Urz\u0105dzenia do zabudowy poprawiaj\u0105 wygl\u0105d, zwi\u0119kszaj\u0105 bezpiecze\u0144stwo i u\u0142atwiaj\u0105 porz\u0105dek.<\/p>\n","protected":false},"author":3,"featured_media":687,"comment_status":"open","ping_status":"open","sticky":false,"template":"","format":"standard","meta":{"_monsterinsights_skip_tracking":false,"_monsterinsights_sitenote_active":false,"_monsterinsights_sitenote_note":"","_monsterinsights_sitenote_category":0,"footnotes":""},"categories":[1],"tags":[191,59,69,170],"class_list":["post-111","post","type-post","status-publish","format-standard","has-post-thumbnail","hentry","category-bez-kategorii","tag-adro","tag-kuchnia","tag-urzadzenia-agd","tag-zmywarka"],"aioseo_notices":[],"rttpg_featured_image_url":{"full":["https:\/\/czesciagd.pl\/blog\/wp-content\/uploads\/2015\/09\/1554.jpg",500,216,false],"landscape":["https:\/\/czesciagd.pl\/blog\/wp-content\/uploads\/2015\/09\/1554.jpg",500,216,false],"portraits":["https:\/\/czesciagd.pl\/blog\/wp-content\/uploads\/2015\/09\/1554.jpg",500,216,false],"thumbnail":["https:\/\/czesciagd.pl\/blog\/wp-content\/uploads\/2015\/09\/1554-150x150.jpg",150,150,true],"medium":["https:\/\/czesciagd.pl\/blog\/wp-content\/uploads\/2015\/09\/1554-300x130.jpg",300,130,true],"large":["https:\/\/czesciagd.pl\/blog\/wp-content\/uploads\/2015\/09\/1554.jpg",500,216,false],"1536x1536":["https:\/\/czesciagd.pl\/blog\/wp-content\/uploads\/2015\/09\/1554.jpg",500,216,false],"2048x2048":["https:\/\/czesciagd.pl\/blog\/wp-content\/uploads\/2015\/09\/1554.jpg",500,216,false],"twentyseventeen-featured-image":["https:\/\/czesciagd.pl\/blog\/wp-content\/uploads\/2015\/09\/1554.jpg",500,216,false],"twentyseventeen-thumbnail-avatar":["https:\/\/czesciagd.pl\/blog\/wp-content\/uploads\/2015\/09\/1554.jpg",100,43,false]},"rttpg_author":{"display_name":"redakcja Cz\u0119\u015bci AGD","author_link":"https:\/\/czesciagd.pl\/blog\/author\/redakcja\/"},"rttpg_comment":0,"rttpg_category":"<a href=\"https:\/\/czesciagd.pl\/blog\/kategoria\/bez-kategorii\/\" rel=\"category tag\">&emsp;<\/a>","rttpg_excerpt":"Aby kuchnia by\u0142a estetyczna i funkcjonalna, wa\u017cne jest odpowiednie AGD. Urz\u0105dzenia do zabudowy poprawiaj\u0105 wygl\u0105d, zwi\u0119kszaj\u0105 bezpiecze\u0144stwo i u\u0142atwiaj\u0105 porz\u0105dek.","_links":{"self":[{"href":"https:\/\/czesciagd.pl\/blog\/wp-json\/wp\/v2\/posts\/111","targetHints":{"allow":["GET"]}}],"collection":[{"href":"https:\/\/czesciagd.pl\/blog\/wp-json\/wp\/v2\/posts"}],"about":[{"href":"https:\/\/czesciagd.pl\/blog\/wp-json\/wp\/v2\/types\/post"}],"author":[{"embeddable":true,"href":"https:\/\/czesciagd.pl\/blog\/wp-json\/wp\/v2\/users\/3"}],"replies":[{"embeddable":true,"href":"https:\/\/czesciagd.pl\/blog\/wp-json\/wp\/v2\/comments?post=111"}],"version-history":[{"count":3,"href":"https:\/\/czesciagd.pl\/blog\/wp-json\/wp\/v2\/posts\/111\/revisions"}],"predecessor-version":[{"id":1564,"href":"https:\/\/czesciagd.pl\/blog\/wp-json\/wp\/v2\/posts\/111\/revisions\/1564"}],"wp:featuredmedia":[{"embeddable":true,"href":"https:\/\/czesciagd.pl\/blog\/wp-json\/wp\/v2\/media\/687"}],"wp:attachment":[{"href":"https:\/\/czesciagd.pl\/blog\/wp-json\/wp\/v2\/media?parent=111"}],"wp:term":[{"taxonomy":"category","embeddable":true,"href":"https:\/\/czesciagd.pl\/blog\/wp-json\/wp\/v2\/categories?post=111"},{"taxonomy":"post_tag","embeddable":true,"href":"https:\/\/czesciagd.pl\/blog\/wp-json\/wp\/v2\/tags?post=111"}],"curies":[{"name":"wp","href":"https:\/\/api.w.org\/{rel}","templated":true}]}}