{"id":1232,"date":"2023-03-27T18:25:20","date_gmt":"2023-03-27T16:25:20","guid":{"rendered":"https:\/\/czesciagd.pl\/blog\/?p=1232"},"modified":"2025-02-15T01:22:45","modified_gmt":"2025-02-15T00:22:45","slug":"amica-marka-historia-produkty","status":"publish","type":"post","link":"https:\/\/czesciagd.pl\/blog\/bez-kategorii\/amica-marka-historia-produkty\/","title":{"rendered":"Amica &#8211; marka, historia, produkty"},"content":{"rendered":"\n<p><strong>Amica jest liderem w\u015br\u00f3d\nproducent\u00f3w AGD w Polsce, dlatego warto wiedzie\u0107 wi\u0119cej na temat jej produkt\u00f3w,\nale i fascynuj\u0105cej historii. Wielokrotnie nagradzana, wci\u0105\u017c rozwijaj\u0105ca si\u0119\nfirma mo\u017ce stanowi\u0107 inspiracj\u0119 dla przedsi\u0119biorc\u00f3w, ale przede wszystkim jest\nsprawdzonym dostawc\u0105 sprz\u0119t\u00f3w, kt\u00f3rych potrzebujemy w ka\u017cdym domu.<\/strong><\/p><!--more-->\n\n\n\n<h2 class=\"wp-block-heading\">Dekady do\u015bwiadcze\u0144<\/h2>\n\n\n\n<p>Tu\u017c po\nzako\u0144czeniu II wojny \u015bwiatowej, w 1945 roku we Wronkach powstaje fabryka, kt\u00f3r\u0105\n12 lat p\u00f3\u017aniej opuszcza pierwsza kuchnia wolnostoj\u0105ca. Od 1960 roku w zak\u0142adzie\nprowadzona jest regularna produkcja kuchenek gazowych, kt\u00f3re po 7 latach\ntrafiaj\u0105 tak\u017ce na eksport. Do\u015b\u0107 powiedzie\u0107, \u017ce od 1980 roku sprz\u0119t AGD\nprodukowany we Wronkach jest sprzedawany na rynkach zachodnich.<\/p>\n\n\n\n<p>W 1992 roku powstaje marka Amica i w\u00f3wczas rozpoczyna si\u0119 nowa era wronieckiej produkcji. Przez kolejn\u0105 dekad\u0119 sp\u00f3\u0142ka akcyjna wchodzi Gie\u0142d\u0119 Papier\u00f3w Warto\u015bciowych w Warszawie, rozszerza asortyment i przejmuje zagraniczne marki. Kolejne lata, a\u017c do wsp\u00f3\u0142czesno\u015bci, to pasmo sukces\u00f3w przedsi\u0119biorstwa \u2013 liczne nagrody, otwieranie zagranicznych oddzia\u0142\u00f3w (w Niemczech i Chinach), budowa nowego magazynu czy wyznaczanie strategicznych dzia\u0142a\u0144 na lata.<\/p>\n\n\n\n<h2 class=\"wp-block-heading\">Solidna marka z Polski<\/h2>\n\n\n\n<p>W 2012 roku\nambasadork\u0105 marki, wyst\u0119puj\u0105c\u0105 mi\u0119dzy innymi w reklamach telewizyjnych, zosta\u0142a\n\u015bwiatowej s\u0142awy tenisistka Agnieszka Radwa\u0144ska. <\/p>\n\n\n\n<p>Rozpoznawalno\u015b\u0107 firmy w\u015br\u00f3d Polak\u00f3w to w du\u017cej mierze zas\u0142uga \u015bwiadomego sponsoringu sportowego. Klub pi\u0142karski <strong><a href=\"https:\/\/czesciagd.pl\/amica-wronki-s-a-\/\">Amica Wronki<\/a> <\/strong>w latach 1992 \u2013 2006 by\u0142 jednym z najciekawszych w Polsce \u2013 posiada\u0142 solidn\u0105 kadr\u0119, wyst\u0119powa\u0142 w europejskich pucharach, wygrywa\u0142 krajowe Puchary i Superpuchary. W 2006 roku Amica dokona\u0142a fuzji z Lechem Pozna\u0144, a prezes sp\u00f3\u0142ki \u2013 Jacek Rutkowski \u2013 jest jednocze\u015bnie w\u0142a\u015bcicielem s\u0142ynnego \u201eKolejorza\u201d.<\/p>\n\n\n\n<p>Takie nagrody,\njak \u201eRed Dot Honourable Mention\u201d za piekarnik Integra Smart czy \u201eIF Design\u201d za\nlini\u0119 produkt\u00f3w Amica IN. \u015bwiadcz\u0105 o niezwyk\u0142ym rozwoju nie tylko w skali\nkraju, ale ca\u0142ego \u015bwiata.<\/p>\n\n\n\n<p>Gdy w 1945 roku, na wojennych\ngruzach, powsta\u0142a fabryka we Wronkach, zapewne ma\u0142o kto mia\u0142 prawo\nprzypuszcza\u0107, \u017ce kilkadziesi\u0105t lat p\u00f3\u017aniej produkowany tam sprz\u0119t b\u0119dzie\noczywistym wyborem dla milion\u00f3w Polak\u00f3w, a produkty zaistniej\u0105 tak\u017ce na\nglobalnych rynkach.<\/p>\n\n\n\n<h2 class=\"wp-block-heading\">Produkty,\nkt\u00f3rych warto u\u017cywa\u0107<\/h2>\n\n\n\n<p>Jako sklep internetowy, kt\u00f3ry sprzedaje <strong><a href=\"https:\/\/czesciagd.pl\/czesci-zamienne-amica\/\">cz\u0119\u015bci zamienne Amica<\/a><\/strong>, mo\u017cemy potwierdzi\u0107 bardzo wysok\u0105 jako\u015b\u0107 wykonania, a przede wszystkim efektywno\u015b\u0107, energooszcz\u0119dno\u015b\u0107 i funkcjonalno\u015b\u0107 poszczeg\u00f3lnych produkt\u00f3w z segmentu AGD.<\/p>\n\n\n\n<p>Marka skupia\nsi\u0119 aktualnie na produkcji i sprzeda\u017cy: kuchni wolnostoj\u0105cych, piekarnik\u00f3w, p\u0142yt,\nokap\u00f3w, szuflad grzejnych, lod\u00f3wek, ch\u0142odziarek do wina, zmywarek, pralek,\nsuszarek, kuchenek mikrofalowych, odkurzaczy, &nbsp;&nbsp;&nbsp;&nbsp;&nbsp;&nbsp;&nbsp;&nbsp;&nbsp;&nbsp;&nbsp; czajnik\u00f3w,\ntoster\u00f3w, ekspres\u00f3w do kawy, wyciskarek, blender\u00f3w, mikser\u00f3w, opiekaczy,\ngrill\u00f3w oraz parowar\u00f3w.<\/p>\n\n\n\n<p>Poszczeg\u00f3lne\nserie i konkretne produkty znakomicie nadaj\u0105 si\u0119 do domowego u\u017cytku. Sprz\u0119ty\nAGD sygnowane mark\u0105 Amica posiadaj\u0105 wiele technologicznie zaawansowanych i\npraktycznych funkcji, s\u0105 estetyczne i doskonale komponuj\u0105 si\u0119 z r\u00f3\u017cnymi wizjami\nkuchni \u2013 zar\u00f3wno minimalistycznymi, jak i bardziej tradycyjnymi czy\nzabudowanymi.<\/p>\n\n\n\n<p>Z perspektywy polskiego klienta to\ndu\u017ca rado\u015b\u0107, gdy stoj\u0105c przed wyborem urz\u0105dzenia AGD mo\u017ce zadecydowa\u0107 mi\u0119dzy\nr\u00f3wnie interesuj\u0105cymi produktami globalnych marek oraz tej, kt\u00f3ra buduje swoj\u0105\nsi\u0142\u0119 od kilkudziesi\u0119ciu lat w wielkopolskich Wronkach.<\/p>\n\n\n<div class=\"kk-star-ratings kksr-auto kksr-align-left kksr-valign-bottom\"\n    data-payload='{&quot;align&quot;:&quot;left&quot;,&quot;id&quot;:&quot;1232&quot;,&quot;slug&quot;:&quot;default&quot;,&quot;valign&quot;:&quot;bottom&quot;,&quot;ignore&quot;:&quot;&quot;,&quot;reference&quot;:&quot;auto&quot;,&quot;class&quot;:&quot;&quot;,&quot;count&quot;:&quot;0&quot;,&quot;legendonly&quot;:&quot;&quot;,&quot;readonly&quot;:&quot;&quot;,&quot;score&quot;:&quot;0&quot;,&quot;starsonly&quot;:&quot;&quot;,&quot;best&quot;:&quot;6&quot;,&quot;gap&quot;:&quot;5&quot;,&quot;greet&quot;:&quot;Rate this post&quot;,&quot;legend&quot;:&quot;0\\\/6 - (0 votes)&quot;,&quot;size&quot;:&quot;24&quot;,&quot;width&quot;:&quot;0&quot;,&quot;_legend&quot;:&quot;{score}\\\/{best} - ({count} {votes})&quot;,&quot;font_factor&quot;:&quot;1.25&quot;}'>\n            \n<div class=\"kksr-stars\">\n    \n<div class=\"kksr-stars-inactive\">\n            <div class=\"kksr-star\" data-star=\"1\" style=\"padding-right: 5px\">\n            \n\n<div class=\"kksr-icon\" style=\"width: 24px; height: 24px;\"><\/div>\n        <\/div>\n            <div class=\"kksr-star\" data-star=\"2\" style=\"padding-right: 5px\">\n            \n\n<div class=\"kksr-icon\" style=\"width: 24px; height: 24px;\"><\/div>\n        <\/div>\n            <div class=\"kksr-star\" data-star=\"3\" style=\"padding-right: 5px\">\n            \n\n<div class=\"kksr-icon\" style=\"width: 24px; height: 24px;\"><\/div>\n        <\/div>\n            <div class=\"kksr-star\" data-star=\"4\" style=\"padding-right: 5px\">\n            \n\n<div class=\"kksr-icon\" style=\"width: 24px; height: 24px;\"><\/div>\n        <\/div>\n            <div class=\"kksr-star\" data-star=\"5\" style=\"padding-right: 5px\">\n            \n\n<div class=\"kksr-icon\" style=\"width: 24px; height: 24px;\"><\/div>\n        <\/div>\n            <div class=\"kksr-star\" data-star=\"6\" style=\"padding-right: 5px\">\n            \n\n<div class=\"kksr-icon\" style=\"width: 24px; height: 24px;\"><\/div>\n        <\/div>\n    <\/div>\n    \n<div class=\"kksr-stars-active\" style=\"width: 0px;\">\n            <div class=\"kksr-star\" style=\"padding-right: 5px\">\n            \n\n<div class=\"kksr-icon\" style=\"width: 24px; height: 24px;\"><\/div>\n        <\/div>\n            <div class=\"kksr-star\" style=\"padding-right: 5px\">\n            \n\n<div class=\"kksr-icon\" style=\"width: 24px; height: 24px;\"><\/div>\n        <\/div>\n            <div class=\"kksr-star\" style=\"padding-right: 5px\">\n            \n\n<div class=\"kksr-icon\" style=\"width: 24px; height: 24px;\"><\/div>\n        <\/div>\n            <div class=\"kksr-star\" style=\"padding-right: 5px\">\n            \n\n<div class=\"kksr-icon\" style=\"width: 24px; height: 24px;\"><\/div>\n        <\/div>\n            <div class=\"kksr-star\" style=\"padding-right: 5px\">\n            \n\n<div class=\"kksr-icon\" style=\"width: 24px; height: 24px;\"><\/div>\n        <\/div>\n            <div class=\"kksr-star\" style=\"padding-right: 5px\">\n            \n\n<div class=\"kksr-icon\" style=\"width: 24px; height: 24px;\"><\/div>\n        <\/div>\n    <\/div>\n<\/div>\n                \n\n<div class=\"kksr-legend\" style=\"font-size: 19.2px;\">\n            <span class=\"kksr-muted\">Rate this post<\/span>\n    <\/div>\n    <\/div>\n","protected":false},"excerpt":{"rendered":"<p>Amica to czo\u0142owy producent AGD w Polsce, kt\u00f3ry od lat dostarcza innowacyjne rozwi\u0105zania do dom\u00f3w. \u0141\u0105czy nowoczesny design z funkcjonalno\u015bci\u0105, idealny wyb\u00f3r dla ka\u017cdego kucharza.<\/p>\n","protected":false},"author":3,"featured_media":1233,"comment_status":"open","ping_status":"open","sticky":false,"template":"","format":"standard","meta":{"_monsterinsights_skip_tracking":false,"_monsterinsights_sitenote_active":false,"_monsterinsights_sitenote_note":"","_monsterinsights_sitenote_category":0,"footnotes":""},"categories":[1],"tags":[],"class_list":["post-1232","post","type-post","status-publish","format-standard","has-post-thumbnail","hentry","category-bez-kategorii"],"aioseo_notices":[],"rttpg_featured_image_url":{"full":["https:\/\/czesciagd.pl\/blog\/wp-content\/uploads\/2019\/12\/1.jpg",1226,536,false],"landscape":["https:\/\/czesciagd.pl\/blog\/wp-content\/uploads\/2019\/12\/1.jpg",1226,536,false],"portraits":["https:\/\/czesciagd.pl\/blog\/wp-content\/uploads\/2019\/12\/1.jpg",1226,536,false],"thumbnail":["https:\/\/czesciagd.pl\/blog\/wp-content\/uploads\/2019\/12\/1-150x150.jpg",150,150,true],"medium":["https:\/\/czesciagd.pl\/blog\/wp-content\/uploads\/2019\/12\/1-300x131.jpg",300,131,true],"large":["https:\/\/czesciagd.pl\/blog\/wp-content\/uploads\/2019\/12\/1-1024x448.jpg",525,230,true],"1536x1536":["https:\/\/czesciagd.pl\/blog\/wp-content\/uploads\/2019\/12\/1.jpg",1226,536,false],"2048x2048":["https:\/\/czesciagd.pl\/blog\/wp-content\/uploads\/2019\/12\/1.jpg",1226,536,false],"twentyseventeen-featured-image":["https:\/\/czesciagd.pl\/blog\/wp-content\/uploads\/2019\/12\/1.jpg",1226,536,false],"twentyseventeen-thumbnail-avatar":["https:\/\/czesciagd.pl\/blog\/wp-content\/uploads\/2019\/12\/1.jpg",100,44,false]},"rttpg_author":{"display_name":"redakcja Cz\u0119\u015bci AGD","author_link":"https:\/\/czesciagd.pl\/blog\/author\/redakcja\/"},"rttpg_comment":5,"rttpg_category":"<a href=\"https:\/\/czesciagd.pl\/blog\/kategoria\/bez-kategorii\/\" rel=\"category tag\">&emsp;<\/a>","rttpg_excerpt":"Amica to czo\u0142owy producent AGD w Polsce, kt\u00f3ry od lat dostarcza innowacyjne rozwi\u0105zania do dom\u00f3w. \u0141\u0105czy nowoczesny design z funkcjonalno\u015bci\u0105, idealny wyb\u00f3r dla ka\u017cdego kucharza.","_links":{"self":[{"href":"https:\/\/czesciagd.pl\/blog\/wp-json\/wp\/v2\/posts\/1232","targetHints":{"allow":["GET"]}}],"collection":[{"href":"https:\/\/czesciagd.pl\/blog\/wp-json\/wp\/v2\/posts"}],"about":[{"href":"https:\/\/czesciagd.pl\/blog\/wp-json\/wp\/v2\/types\/post"}],"author":[{"embeddable":true,"href":"https:\/\/czesciagd.pl\/blog\/wp-json\/wp\/v2\/users\/3"}],"replies":[{"embeddable":true,"href":"https:\/\/czesciagd.pl\/blog\/wp-json\/wp\/v2\/comments?post=1232"}],"version-history":[{"count":3,"href":"https:\/\/czesciagd.pl\/blog\/wp-json\/wp\/v2\/posts\/1232\/revisions"}],"predecessor-version":[{"id":1694,"href":"https:\/\/czesciagd.pl\/blog\/wp-json\/wp\/v2\/posts\/1232\/revisions\/1694"}],"wp:featuredmedia":[{"embeddable":true,"href":"https:\/\/czesciagd.pl\/blog\/wp-json\/wp\/v2\/media\/1233"}],"wp:attachment":[{"href":"https:\/\/czesciagd.pl\/blog\/wp-json\/wp\/v2\/media?parent=1232"}],"wp:term":[{"taxonomy":"category","embeddable":true,"href":"https:\/\/czesciagd.pl\/blog\/wp-json\/wp\/v2\/categories?post=1232"},{"taxonomy":"post_tag","embeddable":true,"href":"https:\/\/czesciagd.pl\/blog\/wp-json\/wp\/v2\/tags?post=1232"}],"curies":[{"name":"wp","href":"https:\/\/api.w.org\/{rel}","templated":true}]}}