{"id":924,"date":"2017-04-11T09:45:40","date_gmt":"2017-04-11T07:45:40","guid":{"rendered":"https:\/\/czesciagd.pl\/blog\/?p=924"},"modified":"2025-02-15T08:36:16","modified_gmt":"2025-02-15T07:36:16","slug":"klimatyzacja-elektrolux-czy-warto","status":"publish","type":"post","link":"https:\/\/czesciagd.pl\/blog\/bez-kategorii\/klimatyzacja-elektrolux-czy-warto\/","title":{"rendered":"Klimatyzacja elektrolux &#8211; czy warto?"},"content":{"rendered":"<p>&nbsp;<\/p>\n<p><img loading=\"lazy\" decoding=\"async\" class=\"alignleft size-medium wp-image-926\" src=\"https:\/\/czesciagd.pl\/blog\/wp-content\/uploads\/2017\/04\/pexels-photo-325328-300x199.jpeg\" alt=\"\" width=\"300\" height=\"199\" \/>Ju\u017c na pocz\u0105tku mo\u017cna napisa\u0107 i\u017c pytanie o to, czy warto kupowa\u0107 klimatyzacj\u0119 electrolux jest pytaniem retorycznym. Oczywi\u015bcie, \u017ce warto i to g\u0142\u00f3wnie ze wzgl\u0119du na wielo\u015b\u0107 opcji i technologii, jakie nios\u0105 ze sob\u0105 rozwi\u0105zania klimatyzacyjne oferowane przez t\u0119 mark\u0119. Kilka z nich wymienimy w tym artykule, jako mocne argumenty przemawiaj\u0105ce za tym i\u017c <a href=\"https:\/\/czesciagd.pl\/czesci-zamienne-electroluxzanussi-czesci-klimatyzacji-electrolux-c-272_5800.html\"><strong>klimatyzacja elektrolux <\/strong><\/a>jest godna uwagi.<\/p>\n<p>MPRI &#8211; technologia szybkiego ch\u0142odzenia<\/p>\n<p>W technologii MPRI (Multi Point Coolant Injection,) czynnik ch\u0142odniczy jest wtryskiwany w wielu punktach w por\u00f3wnaniu z konwencjonalnym parownikiem, dzi\u0119ki czemu uzyskuje si\u0119 szybsz\u0105 wymian\u0119 ciep\u0142a i natychmiastowe ch\u0142odzenie.<\/p>\n<p>Wi\u0119ksza jednostka zewn\u0119trzna<\/p>\n<p>Wy\u017csza i wi\u0119ksza jednostka zewn\u0119trzna zapewnia wi\u0119cej miejsca na uwalnianie ciep\u0142a, a tak\u017ce sprawia, \u017ce pr\u0105d zmienny o wysokiej sprawno\u015bci energetycznej podnosi efektywno\u015b\u0107 ca\u0142ego urz\u0105dzenia.<\/p>\n<p>Poza tym godne uwagi s\u0105:<\/p>\n<ul>\n<li>Tryb Turbo Cool, kt\u00f3ry szybko obni\u017ca temperatur\u0119 w celu zapewnienia natychmiastowego ch\u0142odzenia.<\/li>\n<li>10-minutowy proces Auto Clean, kt\u00f3ry czy\u015bci cewk\u0119 parownika, umo\u017cliwiaj\u0105c przep\u0142yw powietrza czystego, co r\u00f3wnie\u017c sprawi, \u017ce energia AC b\u0119dzie bardziej efektywna<\/li>\n<li>System 4-Way Surround Cool &#8211; zapewnia \u015bwie\u017ce powietrze w ka\u017cdym rogu pomieszczenia dzi\u0119ki pionowym i poziomym \u017caluzjom.<\/li>\n<\/ul>\n<p>Klimatyzacja Elecxtrolux to niezawodno\u015b\u0107<\/p>\n<p>Decyduj\u0105c si\u0119 na ni\u0105 zyskuje si\u0119 5-letni\u0105 gwarancj\u0119 na kondensator i inne <strong><a href=\"https:\/\/czesciagd.pl\/czesci-zamienne-electroluxzanussi-c-272.html\">cz\u0119\u015bci zamienne Electrolux<\/a>. <\/strong>Skraplacz jest tak niezawodny, \u017ce mo\u017cna spokojnie odpocz\u0105\u0107, maj\u0105c \u015bwiadomo\u015b\u0107, \u017ce wszystko jest pod kontrol\u0105.\u00a0 Klimatyzacj\u0119 wzbogacaj\u0105 specjalnie zaprojektowane p\u0142etwy hydrofilowe, kt\u00f3re wyd\u0142u\u017caj\u0105 \u017cywotno\u015b\u0107 klimatyzatora, natomiast wykonane z miedzi cewki zapewniaj\u0105 lepsz\u0105 wymian\u0119 ciep\u0142a i wi\u0119ksz\u0105 wydajno\u015b\u0107 ch\u0142odzenia Nie bez znaczenia jest te\u017c fakt, i\u017c ten produkt Electrolux jest wykonany zgodnie z RoHS to znaczy, i\u017c jest wykonany z materia\u0142\u00f3w przyjaznych \u015brodowisku, aby zapewni\u0107 oddychanie czystym i zdrowym powietrzem wszystkim u\u017cytkownikom, kt\u00f3rzy przebywaj\u0105 w pomieszczeniach podlegaj\u0105cych tej klimatyzacji.<\/p>\n<p>&nbsp;<\/p>\n<p>&nbsp;<\/p>\n\n\n<div class=\"kk-star-ratings kksr-auto kksr-align-left kksr-valign-bottom\"\n    data-payload='{&quot;align&quot;:&quot;left&quot;,&quot;id&quot;:&quot;924&quot;,&quot;slug&quot;:&quot;default&quot;,&quot;valign&quot;:&quot;bottom&quot;,&quot;ignore&quot;:&quot;&quot;,&quot;reference&quot;:&quot;auto&quot;,&quot;class&quot;:&quot;&quot;,&quot;count&quot;:&quot;1&quot;,&quot;legendonly&quot;:&quot;&quot;,&quot;readonly&quot;:&quot;&quot;,&quot;score&quot;:&quot;6&quot;,&quot;starsonly&quot;:&quot;&quot;,&quot;best&quot;:&quot;6&quot;,&quot;gap&quot;:&quot;5&quot;,&quot;greet&quot;:&quot;Rate this post&quot;,&quot;legend&quot;:&quot;6\\\/6 - (1 vote)&quot;,&quot;size&quot;:&quot;24&quot;,&quot;width&quot;:&quot;171.5&quot;,&quot;_legend&quot;:&quot;{score}\\\/{best} - ({count} {votes})&quot;,&quot;font_factor&quot;:&quot;1.25&quot;}'>\n            \n<div class=\"kksr-stars\">\n    \n<div class=\"kksr-stars-inactive\">\n            <div class=\"kksr-star\" data-star=\"1\" style=\"padding-right: 5px\">\n            \n\n<div class=\"kksr-icon\" style=\"width: 24px; height: 24px;\"><\/div>\n        <\/div>\n            <div class=\"kksr-star\" data-star=\"2\" style=\"padding-right: 5px\">\n            \n\n<div class=\"kksr-icon\" style=\"width: 24px; height: 24px;\"><\/div>\n        <\/div>\n            <div class=\"kksr-star\" data-star=\"3\" style=\"padding-right: 5px\">\n            \n\n<div class=\"kksr-icon\" style=\"width: 24px; height: 24px;\"><\/div>\n        <\/div>\n            <div class=\"kksr-star\" data-star=\"4\" style=\"padding-right: 5px\">\n            \n\n<div class=\"kksr-icon\" style=\"width: 24px; height: 24px;\"><\/div>\n        <\/div>\n            <div class=\"kksr-star\" data-star=\"5\" style=\"padding-right: 5px\">\n            \n\n<div class=\"kksr-icon\" style=\"width: 24px; height: 24px;\"><\/div>\n        <\/div>\n            <div class=\"kksr-star\" data-star=\"6\" style=\"padding-right: 5px\">\n            \n\n<div class=\"kksr-icon\" style=\"width: 24px; height: 24px;\"><\/div>\n        <\/div>\n    <\/div>\n    \n<div class=\"kksr-stars-active\" style=\"width: 171.5px;\">\n            <div class=\"kksr-star\" style=\"padding-right: 5px\">\n            \n\n<div class=\"kksr-icon\" style=\"width: 24px; height: 24px;\"><\/div>\n        <\/div>\n            <div class=\"kksr-star\" style=\"padding-right: 5px\">\n            \n\n<div class=\"kksr-icon\" style=\"width: 24px; height: 24px;\"><\/div>\n        <\/div>\n            <div class=\"kksr-star\" style=\"padding-right: 5px\">\n            \n\n<div class=\"kksr-icon\" style=\"width: 24px; height: 24px;\"><\/div>\n        <\/div>\n            <div class=\"kksr-star\" style=\"padding-right: 5px\">\n            \n\n<div class=\"kksr-icon\" style=\"width: 24px; height: 24px;\"><\/div>\n        <\/div>\n            <div class=\"kksr-star\" style=\"padding-right: 5px\">\n            \n\n<div class=\"kksr-icon\" style=\"width: 24px; height: 24px;\"><\/div>\n        <\/div>\n            <div class=\"kksr-star\" style=\"padding-right: 5px\">\n            \n\n<div class=\"kksr-icon\" style=\"width: 24px; height: 24px;\"><\/div>\n        <\/div>\n    <\/div>\n<\/div>\n                \n\n<div class=\"kksr-legend\" style=\"font-size: 19.2px;\">\n            6\/6 - (1 vote)    <\/div>\n    <\/div>\n","protected":false},"excerpt":{"rendered":"<p>Klimatyzacja Electrolux to innowacyjne i energooszcz\u0119dne rozwi\u0105zanie. Tryb Turbo Cool i Auto Clean zapewniaj\u0105 komfort i czyste powietrze w ka\u017cdym pomieszczeniu.<\/p>\n","protected":false},"author":3,"featured_media":0,"comment_status":"open","ping_status":"open","sticky":false,"template":"","format":"standard","meta":{"footnotes":""},"categories":[1],"tags":[369,370],"class_list":["post-924","post","type-post","status-publish","format-standard","hentry","category-bez-kategorii","tag-czesci-zamienne-elektrolux","tag-klimatyzacja-elektrolux"],"yoast_head":"<!-- This site is optimized with the Yoast SEO Premium plugin v24.4 (Yoast SEO v24.4) - https:\/\/yoast.com\/wordpress\/plugins\/seo\/ -->\n<title>Klimatyzacja elektrolux \u2013 czy warto? | CzesciAGD.pl<\/title>\n<meta name=\"description\" content=\"CzesciAGD.pl \u27a4 Klimatyzacja elektrolux - czy warto? \u2b50 Czytaj!\" \/>\n<meta name=\"robots\" content=\"index, follow, max-snippet:-1, max-image-preview:large, max-video-preview:-1\" \/>\n<link rel=\"canonical\" href=\"https:\/\/czesciagd.pl\/blog\/bez-kategorii\/klimatyzacja-elektrolux-czy-warto\/\" \/>\n<meta property=\"og:locale\" content=\"pl_PL\" \/>\n<meta property=\"og:type\" content=\"article\" \/>\n<meta property=\"og:title\" content=\"Klimatyzacja elektrolux - czy warto?\" \/>\n<meta property=\"og:description\" content=\"CzesciAGD.pl \u27a4 Klimatyzacja elektrolux - czy warto? \u2b50 Czytaj!\" \/>\n<meta property=\"og:url\" content=\"https:\/\/czesciagd.pl\/blog\/bez-kategorii\/klimatyzacja-elektrolux-czy-warto\/\" \/>\n<meta property=\"og:site_name\" content=\"CzesciAGD.pl\" \/>\n<meta property=\"article:publisher\" content=\"https:\/\/www.facebook.com\/czesciAGDpl\/\" \/>\n<meta property=\"article:published_time\" content=\"2017-04-11T07:45:40+00:00\" \/>\n<meta property=\"article:modified_time\" content=\"2025-02-15T07:36:16+00:00\" \/>\n<meta property=\"og:image\" content=\"https:\/\/czesciagd.pl\/blog\/wp-content\/uploads\/2017\/04\/pexels-photo-325328-300x199.jpeg\" \/>\n<meta name=\"author\" content=\"redakcja Cz\u0119\u015bci AGD\" \/>\n<meta name=\"twitter:card\" content=\"summary_large_image\" \/>\n<meta name=\"twitter:label1\" content=\"Napisane przez\" \/>\n\t<meta name=\"twitter:data1\" content=\"redakcja Cz\u0119\u015bci AGD\" \/>\n\t<meta name=\"twitter:label2\" content=\"Szacowany czas czytania\" \/>\n\t<meta name=\"twitter:data2\" content=\"2 minuty\" \/>\n<script type=\"application\/ld+json\" class=\"yoast-schema-graph\">{\"@context\":\"https:\/\/schema.org\",\"@graph\":[{\"@type\":\"Article\",\"@id\":\"https:\/\/czesciagd.pl\/blog\/bez-kategorii\/klimatyzacja-elektrolux-czy-warto\/#article\",\"isPartOf\":{\"@id\":\"https:\/\/czesciagd.pl\/blog\/bez-kategorii\/klimatyzacja-elektrolux-czy-warto\/\"},\"author\":{\"name\":\"redakcja Cz\u0119\u015bci AGD\",\"@id\":\"https:\/\/czesciagd.pl\/blog\/#\/schema\/person\/10ba9d2793565819ccc325e39bba4e86\"},\"headline\":\"Klimatyzacja elektrolux &#8211; czy warto?\",\"datePublished\":\"2017-04-11T07:45:40+00:00\",\"dateModified\":\"2025-02-15T07:36:16+00:00\",\"mainEntityOfPage\":{\"@id\":\"https:\/\/czesciagd.pl\/blog\/bez-kategorii\/klimatyzacja-elektrolux-czy-warto\/\"},\"wordCount\":334,\"commentCount\":0,\"publisher\":{\"@id\":\"https:\/\/czesciagd.pl\/blog\/#organization\"},\"image\":{\"@id\":\"https:\/\/czesciagd.pl\/blog\/bez-kategorii\/klimatyzacja-elektrolux-czy-warto\/#primaryimage\"},\"thumbnailUrl\":\"https:\/\/czesciagd.pl\/blog\/wp-content\/uploads\/2017\/04\/pexels-photo-325328-300x199.jpeg\",\"keywords\":[\"cz\u0119\u015bci zamienne elektrolux\",\"klimatyzacja elektrolux\"],\"articleSection\":[\"&emsp;\"],\"inLanguage\":\"pl-PL\",\"potentialAction\":[{\"@type\":\"CommentAction\",\"name\":\"Comment\",\"target\":[\"https:\/\/czesciagd.pl\/blog\/bez-kategorii\/klimatyzacja-elektrolux-czy-warto\/#respond\"]}]},{\"@type\":\"WebPage\",\"@id\":\"https:\/\/czesciagd.pl\/blog\/bez-kategorii\/klimatyzacja-elektrolux-czy-warto\/\",\"url\":\"https:\/\/czesciagd.pl\/blog\/bez-kategorii\/klimatyzacja-elektrolux-czy-warto\/\",\"name\":\"Klimatyzacja elektrolux - czy warto? | Blog - CzesciAGD.pl\",\"isPartOf\":{\"@id\":\"https:\/\/czesciagd.pl\/blog\/#website\"},\"primaryImageOfPage\":{\"@id\":\"https:\/\/czesciagd.pl\/blog\/bez-kategorii\/klimatyzacja-elektrolux-czy-warto\/#primaryimage\"},\"image\":{\"@id\":\"https:\/\/czesciagd.pl\/blog\/bez-kategorii\/klimatyzacja-elektrolux-czy-warto\/#primaryimage\"},\"thumbnailUrl\":\"https:\/\/czesciagd.pl\/blog\/wp-content\/uploads\/2017\/04\/pexels-photo-325328-300x199.jpeg\",\"datePublished\":\"2017-04-11T07:45:40+00:00\",\"dateModified\":\"2025-02-15T07:36:16+00:00\",\"description\":\"CzesciAGD.pl \u27a4 Klimatyzacja elektrolux - czy warto? \u2b50 Czytaj!\",\"breadcrumb\":{\"@id\":\"https:\/\/czesciagd.pl\/blog\/bez-kategorii\/klimatyzacja-elektrolux-czy-warto\/#breadcrumb\"},\"inLanguage\":\"pl-PL\",\"potentialAction\":[{\"@type\":\"ReadAction\",\"target\":[\"https:\/\/czesciagd.pl\/blog\/bez-kategorii\/klimatyzacja-elektrolux-czy-warto\/\"]}]},{\"@type\":\"ImageObject\",\"inLanguage\":\"pl-PL\",\"@id\":\"https:\/\/czesciagd.pl\/blog\/bez-kategorii\/klimatyzacja-elektrolux-czy-warto\/#primaryimage\",\"url\":\"https:\/\/czesciagd.pl\/blog\/wp-content\/uploads\/2017\/04\/pexels-photo-325328-300x199.jpeg\",\"contentUrl\":\"https:\/\/czesciagd.pl\/blog\/wp-content\/uploads\/2017\/04\/pexels-photo-325328-300x199.jpeg\"},{\"@type\":\"BreadcrumbList\",\"@id\":\"https:\/\/czesciagd.pl\/blog\/bez-kategorii\/klimatyzacja-elektrolux-czy-warto\/#breadcrumb\",\"itemListElement\":[{\"@type\":\"ListItem\",\"position\":1,\"name\":\"Home\",\"item\":\"https:\/\/czesciagd.pl\/blog\/\"},{\"@type\":\"ListItem\",\"position\":2,\"name\":\"Klimatyzacja elektrolux &#8211; czy warto?\"}]},{\"@type\":\"WebSite\",\"@id\":\"https:\/\/czesciagd.pl\/blog\/#website\",\"url\":\"https:\/\/czesciagd.pl\/blog\/\",\"name\":\"CzesciAGD.pl\",\"description\":\"https:\/\/czesciagd.pl\/blog\/\",\"publisher\":{\"@id\":\"https:\/\/czesciagd.pl\/blog\/#organization\"},\"potentialAction\":[{\"@type\":\"SearchAction\",\"target\":{\"@type\":\"EntryPoint\",\"urlTemplate\":\"https:\/\/czesciagd.pl\/blog\/?s={search_term_string}\"},\"query-input\":{\"@type\":\"PropertyValueSpecification\",\"valueRequired\":true,\"valueName\":\"search_term_string\"}}],\"inLanguage\":\"pl-PL\"},{\"@type\":\"Organization\",\"@id\":\"https:\/\/czesciagd.pl\/blog\/#organization\",\"name\":\"CzesciAGD.pl\",\"url\":\"https:\/\/czesciagd.pl\/blog\/\",\"logo\":{\"@type\":\"ImageObject\",\"inLanguage\":\"pl-PL\",\"@id\":\"https:\/\/czesciagd.pl\/blog\/#\/schema\/logo\/image\/\",\"url\":\"https:\/\/czesciagd.pl\/blog\/wp-content\/uploads\/2023\/03\/logo_czesci_agd.png\",\"contentUrl\":\"https:\/\/czesciagd.pl\/blog\/wp-content\/uploads\/2023\/03\/logo_czesci_agd.png\",\"width\":336,\"height\":216,\"caption\":\"CzesciAGD.pl\"},\"image\":{\"@id\":\"https:\/\/czesciagd.pl\/blog\/#\/schema\/logo\/image\/\"},\"sameAs\":[\"https:\/\/www.facebook.com\/czesciAGDpl\/\"]},{\"@type\":\"Person\",\"@id\":\"https:\/\/czesciagd.pl\/blog\/#\/schema\/person\/10ba9d2793565819ccc325e39bba4e86\",\"name\":\"redakcja Cz\u0119\u015bci AGD\",\"sameAs\":[\"https:\/\/czesciagd.pl\/\"],\"url\":\"https:\/\/czesciagd.pl\/blog\/author\/redakcja\/\"}]}<\/script>\n<!-- \/ Yoast SEO Premium plugin. -->","yoast_head_json":{"title":"Klimatyzacja elektrolux \u2013 czy warto? | CzesciAGD.pl","description":"CzesciAGD.pl \u27a4 Klimatyzacja elektrolux - czy warto? \u2b50 Czytaj!","robots":{"index":"index","follow":"follow","max-snippet":"max-snippet:-1","max-image-preview":"max-image-preview:large","max-video-preview":"max-video-preview:-1"},"canonical":"https:\/\/czesciagd.pl\/blog\/bez-kategorii\/klimatyzacja-elektrolux-czy-warto\/","og_locale":"pl_PL","og_type":"article","og_title":"Klimatyzacja elektrolux - czy warto?","og_description":"CzesciAGD.pl \u27a4 Klimatyzacja elektrolux - czy warto? \u2b50 Czytaj!","og_url":"https:\/\/czesciagd.pl\/blog\/bez-kategorii\/klimatyzacja-elektrolux-czy-warto\/","og_site_name":"CzesciAGD.pl","article_publisher":"https:\/\/www.facebook.com\/czesciAGDpl\/","article_published_time":"2017-04-11T07:45:40+00:00","article_modified_time":"2025-02-15T07:36:16+00:00","og_image":[{"url":"https:\/\/czesciagd.pl\/blog\/wp-content\/uploads\/2017\/04\/pexels-photo-325328-300x199.jpeg","type":"","width":"","height":""}],"author":"redakcja Cz\u0119\u015bci AGD","twitter_card":"summary_large_image","twitter_misc":{"Napisane przez":"redakcja Cz\u0119\u015bci AGD","Szacowany czas czytania":"2 minuty"},"schema":{"@context":"https:\/\/schema.org","@graph":[{"@type":"Article","@id":"https:\/\/czesciagd.pl\/blog\/bez-kategorii\/klimatyzacja-elektrolux-czy-warto\/#article","isPartOf":{"@id":"https:\/\/czesciagd.pl\/blog\/bez-kategorii\/klimatyzacja-elektrolux-czy-warto\/"},"author":{"name":"redakcja Cz\u0119\u015bci AGD","@id":"https:\/\/czesciagd.pl\/blog\/#\/schema\/person\/10ba9d2793565819ccc325e39bba4e86"},"headline":"Klimatyzacja elektrolux &#8211; czy warto?","datePublished":"2017-04-11T07:45:40+00:00","dateModified":"2025-02-15T07:36:16+00:00","mainEntityOfPage":{"@id":"https:\/\/czesciagd.pl\/blog\/bez-kategorii\/klimatyzacja-elektrolux-czy-warto\/"},"wordCount":334,"commentCount":0,"publisher":{"@id":"https:\/\/czesciagd.pl\/blog\/#organization"},"image":{"@id":"https:\/\/czesciagd.pl\/blog\/bez-kategorii\/klimatyzacja-elektrolux-czy-warto\/#primaryimage"},"thumbnailUrl":"https:\/\/czesciagd.pl\/blog\/wp-content\/uploads\/2017\/04\/pexels-photo-325328-300x199.jpeg","keywords":["cz\u0119\u015bci zamienne elektrolux","klimatyzacja elektrolux"],"articleSection":["&emsp;"],"inLanguage":"pl-PL","potentialAction":[{"@type":"CommentAction","name":"Comment","target":["https:\/\/czesciagd.pl\/blog\/bez-kategorii\/klimatyzacja-elektrolux-czy-warto\/#respond"]}]},{"@type":"WebPage","@id":"https:\/\/czesciagd.pl\/blog\/bez-kategorii\/klimatyzacja-elektrolux-czy-warto\/","url":"https:\/\/czesciagd.pl\/blog\/bez-kategorii\/klimatyzacja-elektrolux-czy-warto\/","name":"Klimatyzacja elektrolux - czy warto? | Blog - CzesciAGD.pl","isPartOf":{"@id":"https:\/\/czesciagd.pl\/blog\/#website"},"primaryImageOfPage":{"@id":"https:\/\/czesciagd.pl\/blog\/bez-kategorii\/klimatyzacja-elektrolux-czy-warto\/#primaryimage"},"image":{"@id":"https:\/\/czesciagd.pl\/blog\/bez-kategorii\/klimatyzacja-elektrolux-czy-warto\/#primaryimage"},"thumbnailUrl":"https:\/\/czesciagd.pl\/blog\/wp-content\/uploads\/2017\/04\/pexels-photo-325328-300x199.jpeg","datePublished":"2017-04-11T07:45:40+00:00","dateModified":"2025-02-15T07:36:16+00:00","description":"CzesciAGD.pl \u27a4 Klimatyzacja elektrolux - czy warto? \u2b50 Czytaj!","breadcrumb":{"@id":"https:\/\/czesciagd.pl\/blog\/bez-kategorii\/klimatyzacja-elektrolux-czy-warto\/#breadcrumb"},"inLanguage":"pl-PL","potentialAction":[{"@type":"ReadAction","target":["https:\/\/czesciagd.pl\/blog\/bez-kategorii\/klimatyzacja-elektrolux-czy-warto\/"]}]},{"@type":"ImageObject","inLanguage":"pl-PL","@id":"https:\/\/czesciagd.pl\/blog\/bez-kategorii\/klimatyzacja-elektrolux-czy-warto\/#primaryimage","url":"https:\/\/czesciagd.pl\/blog\/wp-content\/uploads\/2017\/04\/pexels-photo-325328-300x199.jpeg","contentUrl":"https:\/\/czesciagd.pl\/blog\/wp-content\/uploads\/2017\/04\/pexels-photo-325328-300x199.jpeg"},{"@type":"BreadcrumbList","@id":"https:\/\/czesciagd.pl\/blog\/bez-kategorii\/klimatyzacja-elektrolux-czy-warto\/#breadcrumb","itemListElement":[{"@type":"ListItem","position":1,"name":"Home","item":"https:\/\/czesciagd.pl\/blog\/"},{"@type":"ListItem","position":2,"name":"Klimatyzacja elektrolux &#8211; czy warto?"}]},{"@type":"WebSite","@id":"https:\/\/czesciagd.pl\/blog\/#website","url":"https:\/\/czesciagd.pl\/blog\/","name":"CzesciAGD.pl","description":"https:\/\/czesciagd.pl\/blog\/","publisher":{"@id":"https:\/\/czesciagd.pl\/blog\/#organization"},"potentialAction":[{"@type":"SearchAction","target":{"@type":"EntryPoint","urlTemplate":"https:\/\/czesciagd.pl\/blog\/?s={search_term_string}"},"query-input":{"@type":"PropertyValueSpecification","valueRequired":true,"valueName":"search_term_string"}}],"inLanguage":"pl-PL"},{"@type":"Organization","@id":"https:\/\/czesciagd.pl\/blog\/#organization","name":"CzesciAGD.pl","url":"https:\/\/czesciagd.pl\/blog\/","logo":{"@type":"ImageObject","inLanguage":"pl-PL","@id":"https:\/\/czesciagd.pl\/blog\/#\/schema\/logo\/image\/","url":"https:\/\/czesciagd.pl\/blog\/wp-content\/uploads\/2023\/03\/logo_czesci_agd.png","contentUrl":"https:\/\/czesciagd.pl\/blog\/wp-content\/uploads\/2023\/03\/logo_czesci_agd.png","width":336,"height":216,"caption":"CzesciAGD.pl"},"image":{"@id":"https:\/\/czesciagd.pl\/blog\/#\/schema\/logo\/image\/"},"sameAs":["https:\/\/www.facebook.com\/czesciAGDpl\/"]},{"@type":"Person","@id":"https:\/\/czesciagd.pl\/blog\/#\/schema\/person\/10ba9d2793565819ccc325e39bba4e86","name":"redakcja Cz\u0119\u015bci AGD","sameAs":["https:\/\/czesciagd.pl\/"],"url":"https:\/\/czesciagd.pl\/blog\/author\/redakcja\/"}]}},"rttpg_featured_image_url":null,"rttpg_author":{"display_name":"redakcja Cz\u0119\u015bci AGD","author_link":"https:\/\/czesciagd.pl\/blog\/author\/redakcja\/"},"rttpg_comment":0,"rttpg_category":"<a href=\"https:\/\/czesciagd.pl\/blog\/kategoria\/bez-kategorii\/\" rel=\"category tag\">&emsp;<\/a>","rttpg_excerpt":"Klimatyzacja Electrolux to innowacyjne i energooszcz\u0119dne rozwi\u0105zanie. Tryb Turbo Cool i Auto Clean zapewniaj\u0105 komfort i czyste powietrze w ka\u017cdym pomieszczeniu.","_links":{"self":[{"href":"https:\/\/czesciagd.pl\/blog\/wp-json\/wp\/v2\/posts\/924","targetHints":{"allow":["GET"]}}],"collection":[{"href":"https:\/\/czesciagd.pl\/blog\/wp-json\/wp\/v2\/posts"}],"about":[{"href":"https:\/\/czesciagd.pl\/blog\/wp-json\/wp\/v2\/types\/post"}],"author":[{"embeddable":true,"href":"https:\/\/czesciagd.pl\/blog\/wp-json\/wp\/v2\/users\/3"}],"replies":[{"embeddable":true,"href":"https:\/\/czesciagd.pl\/blog\/wp-json\/wp\/v2\/comments?post=924"}],"version-history":[{"count":2,"href":"https:\/\/czesciagd.pl\/blog\/wp-json\/wp\/v2\/posts\/924\/revisions"}],"predecessor-version":[{"id":1735,"href":"https:\/\/czesciagd.pl\/blog\/wp-json\/wp\/v2\/posts\/924\/revisions\/1735"}],"wp:attachment":[{"href":"https:\/\/czesciagd.pl\/blog\/wp-json\/wp\/v2\/media?parent=924"}],"wp:term":[{"taxonomy":"category","embeddable":true,"href":"https:\/\/czesciagd.pl\/blog\/wp-json\/wp\/v2\/categories?post=924"},{"taxonomy":"post_tag","embeddable":true,"href":"https:\/\/czesciagd.pl\/blog\/wp-json\/wp\/v2\/tags?post=924"}],"curies":[{"name":"wp","href":"https:\/\/api.w.org\/{rel}","templated":true}]}}